{"id":47771,"date":"2021-02-09T12:06:38","date_gmt":"2021-02-09T11:06:38","guid":{"rendered":"https:\/\/santuariosanjose.org\/?p=47771"},"modified":"2024-05-18T10:49:33","modified_gmt":"2024-05-18T08:49:33","slug":"peregrinacio-a-lourdes-2021","status":"publish","type":"post","link":"https:\/\/santuariosanjose.org\/ca\/associacio-sant-josep-de-la-muntanya\/peregrinacio-a-lourdes-2021\/","title":{"rendered":"Peregrinaci\u00f3 a Lourdes 2021"},"content":{"rendered":"<div class=\"wpb-content-wrapper\" id=\"wpb-content-root\"><p>[vc_row][vc_column css=\u00bb.vc_custom_1612865589585{margin-left: 100px !important;padding-left: 0px !important;}\u00bb]<div id=\"fullwidth-block-6a9a13e7d653b\" class=\"fullwidth-block clearfix\"  style=\"\"><script type=\"text\/javascript\">if (typeof(gem_fix_fullwidth_position) == \"function\") { gem_fix_fullwidth_position(document.getElementById(\"fullwidth-block-6a9a13e7d653b\")); }<\/script><div class=\"fullwidth-block-inner\">[vc_row_inner][vc_column_inner width=\u00bb1\/2&#8243;]<div   class=\"gem-quote gem-quote-style-1 gem-quote-no-paddings \" ><blockquote  >&#8230;Ets Pelegr\u00ed?<\/blockquote><\/div><div class=\"gem-icon-with-text gem-icon-with-text-icon-size-medium gem-icon-with-text-flow\" ><div style=\"margin-bottom:0px;margin-top:0px; \" class=\"gem-icon-with-text-icon\"><div class=\"gem-icon gem-icon-pack-material gem-icon-size-medium  gem-icon-shape-square gem-simple-icon \"  style=\"opacity: 1;\"><div class=\"gem-icon-inner\" style=\"\"><span class=\"gem-icon-half-1\" style=\"color: #147979;\"><span class=\"back-angle\">&#xf4d2;<\/span><\/span><span class=\"gem-icon-half-2\" style=\"color: #147979;\"><span class=\"back-angle\">&#xf4d2;<\/span><\/span><\/div><\/div><\/div><div class=\"gem-icon-with-text-content\" ><div class=\"gem-icon-with-text-text\">[vc_column_text css_animation=\u00bbfadeInDown\u00bb css=\u00bb.vc_custom_1612868081064{margin-left: 50px !important;border-left-width: 50px !important;padding-left: 50px !important;}\u00bb]<\/p>\n<div class=\"small-body styled-subtitle\">\n<p id=\"tw-target-text\" class=\"tw-data-text tw-text-large XcVN5d tw-ta\" dir=\"ltr\" data-placeholder=\"Traducci\u00f3n\"><span lang=\"ca\">L&#8217;Associaci\u00f3 Sant Josep de la Muntanya torna a organitzar el Pelegrinatge Anual al Santuari de Mare de D\u00e9u de Lourdes. L&#8217;any passat es va haver de suspendre el pelegrinatge a causa de la pand\u00e8mia i, com no podia ser d&#8217;altra manera, aquest any ens encomanem a Sant Josep perqu\u00e8 la Provid\u00e8ncia ens permeti realitzar el nostre Pelegrinatge.<\/span><\/p>\n<\/div>\n<p>[\/vc_column_text]<div class=\"preloader\"><div class=\"preloader-spin\"><\/div><\/div> <div id=\"gem-gallery-6a9a13e7d6aef\" class=\"gem-gallery gem-gallery-hover-zooming-blur no-thumbs\" data-autoscroll=\"3000\"> <div class=\"gem-gallery-item\"> <div class=\"gem-gallery-item-image\"> <a href=\"https:\/\/santuariosanjose.org\/wp-content\/uploads\/2016\/06\/peregrinaci\u00f3n-Lourdes-2016-scaled-thegem-gallery-sidebar.jpg\" data-fancybox-group=\"gallery-6a9a13e7d6aef\" data-full-image-url=\"https:\/\/santuariosanjose.org\/wp-content\/uploads\/2016\/06\/peregrinaci\u00f3n-Lourdes-2016-scaled.jpg\"> <svg width=\"20\" height=\"10\"><path d=\"M 0,10 Q 9,9 10,0 Q 11,9 20,10\" \/><\/svg> <img src=\"https:\/\/santuariosanjose.org\/wp-content\/uploads\/2016\/06\/peregrinaci\u00f3n-Lourdes-2016-scaled-thegem-post-thumb-small.jpg\" alt=\"Lourdes 2016\" class=\"img-responsive\"> <span class=\"gem-gallery-caption slide-info\"> <\/span> <\/a> <span class=\"gem-gallery-line\"><\/span> <\/div> <\/div> <div class=\"gem-gallery-item\"> <div class=\"gem-gallery-item-image\"> <a href=\"https:\/\/santuariosanjose.org\/wp-content\/uploads\/2016\/06\/presentarse-ante-la-virgen-scaled-thegem-gallery-sidebar.jpg\" data-fancybox-group=\"gallery-6a9a13e7d6aef\" data-full-image-url=\"https:\/\/santuariosanjose.org\/wp-content\/uploads\/2016\/06\/presentarse-ante-la-virgen-scaled.jpg\"> <svg width=\"20\" height=\"10\"><path d=\"M 0,10 Q 9,9 10,0 Q 11,9 20,10\" \/><\/svg> <img src=\"https:\/\/santuariosanjose.org\/wp-content\/uploads\/2016\/06\/presentarse-ante-la-virgen-scaled-thegem-post-thumb-small.jpg\" alt=\"presentaci\u00f3n ante la virgen de Lourdes\" class=\"img-responsive\"> <span class=\"gem-gallery-caption slide-info\"> <\/span> <\/a> <span class=\"gem-gallery-line\"><\/span> <\/div> <\/div> <div class=\"gem-gallery-item\"> <div class=\"gem-gallery-item-image\"> <a href=\"https:\/\/santuariosanjose.org\/wp-content\/uploads\/2015\/06\/IMG_2389-thegem-gallery-sidebar.jpg\" data-fancybox-group=\"gallery-6a9a13e7d6aef\" data-full-image-url=\"https:\/\/santuariosanjose.org\/wp-content\/uploads\/2015\/06\/IMG_2389.jpg\"> <svg width=\"20\" height=\"10\"><path d=\"M 0,10 Q 9,9 10,0 Q 11,9 20,10\" \/><\/svg> <img src=\"https:\/\/santuariosanjose.org\/wp-content\/uploads\/2015\/06\/IMG_2389-thegem-post-thumb-small.jpg\" alt=\"Sopar de Germanor a Lourdes\" class=\"img-responsive\"> <span class=\"gem-gallery-caption slide-info\"> <\/span> <\/a> <span class=\"gem-gallery-line\"><\/span> <\/div> <\/div> <div class=\"gem-gallery-item\"> <div class=\"gem-gallery-item-image\"> <a href=\"https:\/\/santuariosanjose.org\/wp-content\/uploads\/2015\/06\/IMG_2281-thegem-gallery-sidebar.jpg\" data-fancybox-group=\"gallery-6a9a13e7d6aef\" data-full-image-url=\"https:\/\/santuariosanjose.org\/wp-content\/uploads\/2015\/06\/IMG_2281.jpg\"> <svg width=\"20\" height=\"10\"><path d=\"M 0,10 Q 9,9 10,0 Q 11,9 20,10\" \/><\/svg> <img src=\"https:\/\/santuariosanjose.org\/wp-content\/uploads\/2015\/06\/IMG_2281-thegem-post-thumb-small.jpg\" alt=\"en la cueva de Lourdes posando para una foto.\" class=\"img-responsive\"> <span class=\"gem-gallery-caption slide-info\"> <\/span> <\/a> <span class=\"gem-gallery-line\"><\/span> <\/div> <\/div> <div class=\"gem-gallery-item\"> <div class=\"gem-gallery-item-image\"> <a href=\"https:\/\/santuariosanjose.org\/wp-content\/uploads\/2015\/06\/IMG_2147-thegem-gallery-sidebar.jpg\" data-fancybox-group=\"gallery-6a9a13e7d6aef\" data-full-image-url=\"https:\/\/santuariosanjose.org\/wp-content\/uploads\/2015\/06\/IMG_2147.jpg\"> <svg width=\"20\" height=\"10\"><path d=\"M 0,10 Q 9,9 10,0 Q 11,9 20,10\" \/><\/svg> <img src=\"https:\/\/santuariosanjose.org\/wp-content\/uploads\/2015\/06\/IMG_2147-thegem-post-thumb-small.jpg\" alt=\"peregrinaci\u00f3n a lourdes 2015. Compa\u00f1erismo.\" class=\"img-responsive\"> <span class=\"gem-gallery-caption slide-info\"> <\/span> <\/a> <span class=\"gem-gallery-line\"><\/span> <\/div> <\/div> <div class=\"gem-gallery-item\"> <div class=\"gem-gallery-item-image\"> <a href=\"https:\/\/santuariosanjose.org\/wp-content\/uploads\/2015\/06\/IMG_2332-thegem-gallery-sidebar.jpg\" data-fancybox-group=\"gallery-6a9a13e7d6aef\" data-full-image-url=\"https:\/\/santuariosanjose.org\/wp-content\/uploads\/2015\/06\/IMG_2332.jpg\"> <svg width=\"20\" height=\"10\"><path d=\"M 0,10 Q 9,9 10,0 Q 11,9 20,10\" \/><\/svg> <img src=\"https:\/\/santuariosanjose.org\/wp-content\/uploads\/2015\/06\/IMG_2332-thegem-post-thumb-small.jpg\" alt=\"\" class=\"img-responsive\"> <span class=\"gem-gallery-caption slide-info\"> <\/span> <\/a> <span class=\"gem-gallery-line\"><\/span> <\/div> <\/div> <div class=\"gem-gallery-item\"> <div class=\"gem-gallery-item-image\"> <a href=\"https:\/\/santuariosanjose.org\/wp-content\/uploads\/2015\/06\/IMG_22251-thegem-gallery-sidebar.jpg\" data-fancybox-group=\"gallery-6a9a13e7d6aef\" data-full-image-url=\"https:\/\/santuariosanjose.org\/wp-content\/uploads\/2015\/06\/IMG_22251.jpg\"> <svg width=\"20\" height=\"10\"><path d=\"M 0,10 Q 9,9 10,0 Q 11,9 20,10\" \/><\/svg> <img src=\"https:\/\/santuariosanjose.org\/wp-content\/uploads\/2015\/06\/IMG_22251-thegem-post-thumb-small.jpg\" alt=\"peregrinaci\u00f3n a Lourdes. Cirio a los pies de la Virgen.\" class=\"img-responsive\"> <span class=\"gem-gallery-caption slide-info\"> <\/span> <\/a> <span class=\"gem-gallery-line\"><\/span> <\/div> <\/div> <div class=\"gem-gallery-item\"> <div class=\"gem-gallery-item-image\"> <a href=\"https:\/\/santuariosanjose.org\/wp-content\/uploads\/2015\/06\/IMG_2200-thegem-gallery-sidebar.jpg\" data-fancybox-group=\"gallery-6a9a13e7d6aef\" data-full-image-url=\"https:\/\/santuariosanjose.org\/wp-content\/uploads\/2015\/06\/IMG_2200.jpg\"> <svg width=\"20\" height=\"10\"><path d=\"M 0,10 Q 9,9 10,0 Q 11,9 20,10\" \/><\/svg> <img src=\"https:\/\/santuariosanjose.org\/wp-content\/uploads\/2015\/06\/IMG_2200-thegem-post-thumb-small.jpg\" alt=\"\" class=\"img-responsive\"> <span class=\"gem-gallery-caption slide-info\"> <\/span> <\/a> <span class=\"gem-gallery-line\"><\/span> <\/div> <\/div> <div class=\"gem-gallery-item\"> <div class=\"gem-gallery-item-image\"> <a href=\"https:\/\/santuariosanjose.org\/wp-content\/uploads\/2015\/06\/IMG_2188-thegem-gallery-sidebar.jpg\" data-fancybox-group=\"gallery-6a9a13e7d6aef\" data-full-image-url=\"https:\/\/santuariosanjose.org\/wp-content\/uploads\/2015\/06\/IMG_2188.jpg\"> <svg width=\"20\" height=\"10\"><path d=\"M 0,10 Q 9,9 10,0 Q 11,9 20,10\" \/><\/svg> <img src=\"https:\/\/santuariosanjose.org\/wp-content\/uploads\/2015\/06\/IMG_2188-thegem-post-thumb-small.jpg\" alt=\"\" class=\"img-responsive\"> <span class=\"gem-gallery-caption slide-info\"> <\/span> <\/a> <span class=\"gem-gallery-line\"><\/span> <\/div> <\/div> <div class=\"gem-gallery-item\"> <div class=\"gem-gallery-item-image\"> <a href=\"https:\/\/santuariosanjose.org\/wp-content\/uploads\/2016\/06\/Eucaristia-internacional-scaled-thegem-gallery-sidebar.jpg\" data-fancybox-group=\"gallery-6a9a13e7d6aef\" data-full-image-url=\"https:\/\/santuariosanjose.org\/wp-content\/uploads\/2016\/06\/Eucaristia-internacional-scaled.jpg\"> <svg width=\"20\" height=\"10\"><path d=\"M 0,10 Q 9,9 10,0 Q 11,9 20,10\" \/><\/svg> <img src=\"https:\/\/santuariosanjose.org\/wp-content\/uploads\/2016\/06\/Eucaristia-internacional-scaled-thegem-post-thumb-small.jpg\" alt=\"lourdes\" class=\"img-responsive\"> <span class=\"gem-gallery-caption slide-info\"> <\/span> <\/a> <span class=\"gem-gallery-line\"><\/span> <\/div> <\/div> <div class=\"gem-gallery-item\"> <div class=\"gem-gallery-item-image\"> <a href=\"https:\/\/santuariosanjose.org\/wp-content\/uploads\/2016\/06\/Co-celebrantes-scaled-thegem-gallery-sidebar.jpg\" data-fancybox-group=\"gallery-6a9a13e7d6aef\" data-full-image-url=\"https:\/\/santuariosanjose.org\/wp-content\/uploads\/2016\/06\/Co-celebrantes-scaled.jpg\"> <svg width=\"20\" height=\"10\"><path d=\"M 0,10 Q 9,9 10,0 Q 11,9 20,10\" \/><\/svg> <img src=\"https:\/\/santuariosanjose.org\/wp-content\/uploads\/2016\/06\/Co-celebrantes-scaled-thegem-post-thumb-small.jpg\" alt=\"\" class=\"img-responsive\"> <span class=\"gem-gallery-caption slide-info\"> <\/span> <\/a> <span class=\"gem-gallery-line\"><\/span> <\/div> <\/div> <div class=\"gem-gallery-item\"> <div class=\"gem-gallery-item-image\"> <a href=\"https:\/\/santuariosanjose.org\/wp-content\/uploads\/2016\/06\/posando-con-los-cirios-scaled-thegem-gallery-sidebar.jpg\" data-fancybox-group=\"gallery-6a9a13e7d6aef\" data-full-image-url=\"https:\/\/santuariosanjose.org\/wp-content\/uploads\/2016\/06\/posando-con-los-cirios-scaled.jpg\"> <svg width=\"20\" height=\"10\"><path d=\"M 0,10 Q 9,9 10,0 Q 11,9 20,10\" \/><\/svg> <img src=\"https:\/\/santuariosanjose.org\/wp-content\/uploads\/2016\/06\/posando-con-los-cirios-scaled-thegem-post-thumb-small.jpg\" alt=\"\" class=\"img-responsive\"> <span class=\"gem-gallery-caption slide-info\"> <\/span> <\/a> <span class=\"gem-gallery-line\"><\/span> <\/div> <\/div> <div class=\"gem-gallery-item\"> <div class=\"gem-gallery-item-image\"> <a href=\"https:\/\/santuariosanjose.org\/wp-content\/uploads\/2016\/06\/peregrinaci\u00f3n-ante-la-imagen-scaled-thegem-gallery-sidebar.jpg\" data-fancybox-group=\"gallery-6a9a13e7d6aef\" data-full-image-url=\"https:\/\/santuariosanjose.org\/wp-content\/uploads\/2016\/06\/peregrinaci\u00f3n-ante-la-imagen-scaled.jpg\"> <svg width=\"20\" height=\"10\"><path d=\"M 0,10 Q 9,9 10,0 Q 11,9 20,10\" \/><\/svg> <img src=\"https:\/\/santuariosanjose.org\/wp-content\/uploads\/2016\/06\/peregrinaci\u00f3n-ante-la-imagen-scaled-thegem-post-thumb-small.jpg\" alt=\"peregrinos en Lourdes\" class=\"img-responsive\"> <span class=\"gem-gallery-caption slide-info\"> <\/span> <\/a> <span class=\"gem-gallery-line\"><\/span> <\/div> <\/div> <\/div><\/div><\/div><div class=\"clearboth\"><\/div><\/div>[\/vc_column_inner][vc_column_inner width=\u00bb1\/2&#8243;][vc_single_image image=\u00bb47772&#8243; img_size=\u00bblarge\u00bb][\/vc_column_inner][\/vc_row_inner]<\/div><\/div>[\/vc_column][\/vc_row][vc_row][vc_column][\/vc_column][\/vc_row]<\/p>\n<\/div>","protected":false},"excerpt":{"rendered":"<p>[vc_row][vc_column css=\u00bb.vc_custom_1612865589585{margin-left: 100px !important;padding-left: 0px !important;}\u00bb][\/vc_column][\/vc_row][vc_row][vc_column][\/vc_column][\/vc_row]<\/p>\n","protected":false},"author":5212,"featured_media":52271,"comment_status":"closed","ping_status":"closed","sticky":false,"template":"","format":"standard","meta":{"footnotes":""},"categories":[263,1036,278],"tags":[298,590,591],"class_list":["post-47771","post","type-post","status-publish","format-standard","has-post-thumbnail","category-associacio-sant-josep-de-la-muntanya","category-esdeveniments","category-peregrinacionsisortides","tag-associacisantjosepdelamuntanya","tag-mare-de-deu-de-lourdes","tag-peregrinacio-a-lourdes"],"menu_order":0,"_links":{"self":[{"href":"https:\/\/santuariosanjose.org\/ca\/wp-json\/wp\/v2\/posts\/47771","targetHints":{"allow":["GET"]}}],"collection":[{"href":"https:\/\/santuariosanjose.org\/ca\/wp-json\/wp\/v2\/posts"}],"about":[{"href":"https:\/\/santuariosanjose.org\/ca\/wp-json\/wp\/v2\/types\/post"}],"author":[{"embeddable":true,"href":"https:\/\/santuariosanjose.org\/ca\/wp-json\/wp\/v2\/users\/5212"}],"replies":[{"embeddable":true,"href":"https:\/\/santuariosanjose.org\/ca\/wp-json\/wp\/v2\/comments?post=47771"}],"version-history":[{"count":0,"href":"https:\/\/santuariosanjose.org\/ca\/wp-json\/wp\/v2\/posts\/47771\/revisions"}],"wp:featuredmedia":[{"embeddable":true,"href":"https:\/\/santuariosanjose.org\/ca\/wp-json\/wp\/v2\/media\/52271"}],"wp:attachment":[{"href":"https:\/\/santuariosanjose.org\/ca\/wp-json\/wp\/v2\/media?parent=47771"}],"wp:term":[{"taxonomy":"category","embeddable":true,"href":"https:\/\/santuariosanjose.org\/ca\/wp-json\/wp\/v2\/categories?post=47771"},{"taxonomy":"post_tag","embeddable":true,"href":"https:\/\/santuariosanjose.org\/ca\/wp-json\/wp\/v2\/tags?post=47771"}],"curies":[{"name":"wp","href":"https:\/\/api.w.org\/{rel}","templated":true}]}}